{"id":43398,"date":"2026-08-22T14:10:07","date_gmt":"2026-08-22T12:10:07","guid":{"rendered":"https:\/\/www.pddm.org\/?p=43398"},"modified":"2026-08-22T14:10:08","modified_gmt":"2026-08-22T12:10:08","slug":"21to-a-2026","status":"publish","type":"post","link":"https:\/\/www.pddm.org\/es\/21to-a-2026\/","title":{"rendered":"Domenica della Professione di fede"},"content":{"rendered":"<div class=\"wpb-content-wrapper\"><p>[vc_row][vc_column][vc_empty_space height=&#8221;24px&#8221;][vc_column_text css=&#8221;&#8221;]<strong>NOTE DI LITURGIA- RIVISTA LA VITA IN CRISTO E NELLA CHIESA-23 AGOSTO 2026<\/strong><br \/>\n<em>21a domenica del Tempo Ordinario<\/em><\/p>\n<p>II cuore della liturgia di questa domenica \u00e8 il dialogo tra Ges\u00f9 e Pietro, beato perch\u00e9, docile all\u2019azione dello Spirito, ha manifestato la fede sulla quale \u00e8 costruita la Chiesa. La sua testimonianza \u00e8 il fondamento della nostra fede che si rinnova a ogni Eucaristia.<\/p>\n<p><em><strong>Monizione iniziale:<\/strong><\/em> Nel cammino dell\u2019Anno liturgico, con Ges\u00f9 e i discepoli ci fermiamo a Cesarea di Filippo. Anche noi siamo raggiunti dalla sua domanda: \u00abVoi, chi dite che io sia?\u00bb. Fondati sulla fede di Pietro, disponiamoci a incontrare il Signore risorto, a riconoscerlo come \u00abil Cristo, il Figlio del Dio vivente\u00bb, e ad aderire a lui con tutta la vita.<br \/>\nEntriamo in questa celebrazione con cuore disponibile, chiedendo la grazia di una fede viva e autentica.<\/p>\n<p>Il legame tra liturgia e fede \u00e8 vitale: \u00e8 il luogo in cui la fede nasce, si nutre e prende forma. Essa \u00e8 \u00abil culmine verso cui tende l\u2019azione della Chiesa e, al tempo stesso, la fonte da cui promana tutta la sua energia\u00bb (SC 10).<br \/>\nLa liturgia inserisce la fede personale in una storia pi\u00f9 grande, la rende ecclesiale e le dona un linguaggio fatto di segni, parole e silenzi; ci\u00f2 che celebriamo diventa forma della vita.<br \/>\nOgni Eucaristia \u00e8 professione di fede, non solo quando si proclama il Credo. La fede \u00e8 relazione con una Persona viva che coinvolge l\u2019esistenza: come Pietro, siamo beati non solo perch\u00e9 il Padre ci rivela il Figlio suo Ges\u00f9 Cristo, ma anche perch\u00e9 lo ascoltiamo, ci nutriamo di lui e lo annunciamo. Questa dinamica trova sintesi nell\u2019orazione colletta: Dio \u00e8 riconosciuto come \u00abfonte di sapienza\u00bb; la fede nasce come dono, si fonda sulla testimonianza apostolica e chiede di essere continuamente illuminata dallo Spirito. Riconoscere in Ges\u00f9 il Figlio del Dio vivente \u00e8 l\u2019atto che edifica la Chiesa, rendendo i credenti pietre vive nella comunione.<br \/>\nSi pu\u00f2 scegliere oggi di professare il Credo battesimale, che nella sua formulazione di domanda e risposta richiama il dialogo tra Ges\u00f9 e i discepoli.<br \/>\nLe intenzioni della Preghiera dei fedeli siano orientate sulla responsabilit\u00e0 ecclesiale: per Papa Leone XIV chiamato a sorreggere la fede di tutta la Chiesa, per i vescovi, i sacerdoti, i catechisti, per ogni battezzato chiamato a testimoniare la fede.\u00a0 <strong><em>(a cura di Sr. M. Provvidenza Raimondo, pddm)<\/em><\/strong><\/p>\n<p><strong>@GENDA<\/strong><br \/>\nLa settimana \u00e8 illuminata dalla festa di san Bartolomeo apostolo e dalle memorie di santa Monica, sant\u2019Agostino e del martirio di san Giovanni Battista. Un invito a vivere con autenticit\u00e0 la fede celebrata, nella variet\u00e0 delle sue testimonianze.<\/p>\n<p><em><strong>Commento: Domenica della professione di fede di Pietro-<\/strong><\/em><em><strong>Matteo 16,13-20<\/strong><\/em><\/p>\n<p>Il Vangelo che abbiamo ascoltato questa domenica ci presenta un dialogo tra Ges\u00f9 e i suoi discepoli. Tutto lascia pensare che stiano attraversando un momento difficile del loro cammino. Ges\u00f9 invita i discepoli a fare una verifica del percorso compiuto. La domanda \u00e8 fondamentale: chi \u00e8 Ges\u00f9? La gente lo confonde con Giovanni Battista o con alcuni dei profeti. Pietro, invece, confessa di vedere in Ges\u00f9 molto pi\u00f9 di Giovanni Battista o di uno dei profeti. Per lui, Ges\u00f9 \u00e8 la rivelazione definitiva di Dio. La grande sfida \u00e8 annunciare il vero Ges\u00f9, quello del Vangelo: il Figlio di Dio, colui che \u00e8 venuto a difendere i piccoli, le donne, i malati. Colui che \u00e8 morto perch\u00e9 ha preso posizione a favore della vita: il Crocifisso-Risorto. Non si pu\u00f2 parlare di Ges\u00f9 e, allo stesso tempo, difendere e sostenere la guerra.<br \/>\n<em><strong>(a cura di sr. M. Penha Carpenedo)<\/strong><\/em><\/p>\n<p>[\/vc_column_text][vc_empty_space height=&#8221;12px&#8221;][\/vc_column][\/vc_row][vc_row][vc_column][vc_masonry_media_grid grid_id=&#8221;vc_gid:1787400158182-5909327a-0e1b-8&#8243;][\/vc_column][\/vc_row]<\/p>\n<\/div>","protected":false},"excerpt":{"rendered":"<p>[vc_row][vc_column][vc_empty_space height=&#8221;24px&#8221;][vc_column_text css=&#8221;&#8221;]NOTE DI LITURGIA- RIVISTA LA VITA IN CRISTO E NELLA CHIESA-23 AGOSTO 2026 21a domenica del Tempo Ordinario II cuore della liturgia di questa<\/p>\n","protected":false},"author":4,"featured_media":43409,"comment_status":"open","ping_status":"open","sticky":false,"template":"","format":"standard","meta":{"footnotes":""},"categories":[19],"tags":[],"class_list":["post-43398","post","type-post","status-publish","format-standard","has-post-thumbnail","hentry","category-news-es"],"_links":{"self":[{"href":"https:\/\/www.pddm.org\/es\/wp-json\/wp\/v2\/posts\/43398","targetHints":{"allow":["GET"]}}],"collection":[{"href":"https:\/\/www.pddm.org\/es\/wp-json\/wp\/v2\/posts"}],"about":[{"href":"https:\/\/www.pddm.org\/es\/wp-json\/wp\/v2\/types\/post"}],"author":[{"embeddable":true,"href":"https:\/\/www.pddm.org\/es\/wp-json\/wp\/v2\/users\/4"}],"replies":[{"embeddable":true,"href":"https:\/\/www.pddm.org\/es\/wp-json\/wp\/v2\/comments?post=43398"}],"version-history":[{"count":2,"href":"https:\/\/www.pddm.org\/es\/wp-json\/wp\/v2\/posts\/43398\/revisions"}],"predecessor-version":[{"id":43412,"href":"https:\/\/www.pddm.org\/es\/wp-json\/wp\/v2\/posts\/43398\/revisions\/43412"}],"wp:featuredmedia":[{"embeddable":true,"href":"https:\/\/www.pddm.org\/es\/wp-json\/wp\/v2\/media\/43409"}],"wp:attachment":[{"href":"https:\/\/www.pddm.org\/es\/wp-json\/wp\/v2\/media?parent=43398"}],"wp:term":[{"taxonomy":"category","embeddable":true,"href":"https:\/\/www.pddm.org\/es\/wp-json\/wp\/v2\/categories?post=43398"},{"taxonomy":"post_tag","embeddable":true,"href":"https:\/\/www.pddm.org\/es\/wp-json\/wp\/v2\/tags?post=43398"}],"curies":[{"name":"wp","href":"https:\/\/api.w.org\/{rel}","templated":true}]}}